{"id":6368,"date":"2026-04-01T06:42:09","date_gmt":"2026-04-01T04:42:09","guid":{"rendered":"https:\/\/www.therapie-online-und-vor-ort.de\/muenchen\/?p=6368"},"modified":"2026-04-01T06:48:39","modified_gmt":"2026-04-01T04:48:39","slug":"wenn-der-verstand-geschichten-erfindet","status":"publish","type":"post","link":"https:\/\/www.therapie-online-und-vor-ort.de\/muenchen\/wenn-der-verstand-geschichten-erfindet\/","title":{"rendered":"Wenn der Verstand Geschichten erfindet: Was eine Kellnerin in mir ausgel\u00f6st hat"},"content":{"rendered":"\t\t<div data-elementor-type=\"wp-post\" data-elementor-id=\"6368\" class=\"elementor elementor-6368\">\n\t\t\t\t<div class=\"elementor-element elementor-element-3972765 e-flex e-con-boxed e-con e-parent\" data-id=\"3972765\" data-element_type=\"container\" data-e-type=\"container\">\n\t\t\t\t\t<div class=\"e-con-inner\">\n\t\t<div class=\"elementor-element elementor-element-70eb9e1 e-con-full e-flex e-con e-child\" data-id=\"70eb9e1\" data-element_type=\"container\" data-e-type=\"container\">\n\t\t\t\t<div class=\"elementor-element elementor-element-6de9a977 elementor-widget elementor-widget-text-editor\" data-id=\"6de9a977\" data-element_type=\"widget\" data-e-type=\"widget\" data-widget_type=\"text-editor.default\">\n\t\t\t\t<div class=\"elementor-widget-container\">\n\t\t\t\t\t\t\t\t\t<p>Es gibt Situationen im Leben, die wirken klein&#8230; fast unbedeutend.<br>\nUnd doch k\u00f6nnen sie in uns einen Sturm ausl\u00f6sen.<\/p>\n\n<p>Ich m\u00f6chte dir etwas erz\u00e4hlen, das ich erlebt habe.<\/p>\n\n<p>Ich gehe regelm\u00e4\u00dfig in ein Caf\u00e9, in dem eine Kellnerin arbeitet, die mich immer sehr freundlich behandelt. Es ist eine leichte, angenehme, allt\u00e4gliche Verbindung. Nichts Besonderes&#8230; und doch sch\u00f6n.<\/p>\n\n<p>Bis sich eines Tages etwas ver\u00e4ndert hat.<\/p>\n\n<p>Sie begr\u00fc\u00dfte mich k\u00fchl.<\/p>\n\n<p>Und in diesem Moment&#8230; begann der Film in meinem Kopf.<\/p>\t\t\t\t\t\t\t\t<\/div>\n\t\t\t\t<\/div>\n\t\t\t\t<\/div>\n\t\t<div class=\"elementor-element elementor-element-449e3351 e-con-full e-flex e-con e-child\" data-id=\"449e3351\" data-element_type=\"container\" data-e-type=\"container\">\n\t\t\t\t<div class=\"elementor-element elementor-element-4f8e568e elementor-widget elementor-widget-image\" data-id=\"4f8e568e\" data-element_type=\"widget\" data-e-type=\"widget\" data-widget_type=\"image.default\">\n\t\t\t\t<div class=\"elementor-widget-container\">\n\t\t\t\t\t\t\t\t\t\t\t\t<figure class=\"wp-caption\">\n\t\t\t\t\t\t\t\t\t\t<img fetchpriority=\"high\" decoding=\"async\" width=\"845\" height=\"1024\" src=\"https:\/\/www.therapie-online-und-vor-ort.de\/muenchen\/wp-content\/uploads\/2025\/03\/paartherapie-schamanismus-muenchen-oder-online-845x1024.webp\" class=\"attachment-large size-large wp-image-4586\" alt=\"Paartherapie und Schamanische Heilung &amp; Energiearbeit in M\u00fcnchen mit Mart\u00edn Polo aus Peru\" srcset=\"https:\/\/www.therapie-online-und-vor-ort.de\/muenchen\/wp-content\/uploads\/2025\/03\/paartherapie-schamanismus-muenchen-oder-online-845x1024.webp 845w, https:\/\/www.therapie-online-und-vor-ort.de\/muenchen\/wp-content\/uploads\/2025\/03\/paartherapie-schamanismus-muenchen-oder-online-248x300.webp 248w, https:\/\/www.therapie-online-und-vor-ort.de\/muenchen\/wp-content\/uploads\/2025\/03\/paartherapie-schamanismus-muenchen-oder-online-768x930.webp 768w, https:\/\/www.therapie-online-und-vor-ort.de\/muenchen\/wp-content\/uploads\/2025\/03\/paartherapie-schamanismus-muenchen-oder-online.webp 1041w\" sizes=\"(max-width: 845px) 100vw, 845px\" \/>\t\t\t\t\t\t\t\t\t\t\t<figcaption class=\"widget-image-caption wp-caption-text\">Paartherapie, Inneres Kind und schamanische Heilung \u2013 vor Ort oder online mit Mart\u00edn Polo, Dipl.-Sozialp\u00e4dagoge<\/figcaption>\n\t\t\t\t\t\t\t\t\t\t<\/figure>\n\t\t\t\t\t\t\t\t\t<\/div>\n\t\t\t\t<\/div>\n\t\t\t\t<\/div>\n\t\t\t\t\t<\/div>\n\t\t\t\t<\/div>\n\t\t<div class=\"elementor-element elementor-element-2e924410 e-flex e-con-boxed e-con e-parent\" data-id=\"2e924410\" data-element_type=\"container\" data-e-type=\"container\">\n\t\t\t\t\t<div class=\"e-con-inner\">\n\t\t\t\t<div class=\"elementor-element elementor-element-444f6123 elementor-widget elementor-widget-button\" data-id=\"444f6123\" data-element_type=\"widget\" data-e-type=\"widget\" data-widget_type=\"button.default\">\n\t\t\t\t<div class=\"elementor-widget-container\">\n\t\t\t\t\t\t\t\t\t<div class=\"elementor-button-wrapper\">\n\t\t\t\t\t<a class=\"elementor-button elementor-button-link elementor-size-lg\" href=\"https:\/\/www.lebensberatung-deutschland.de\/kontakt\/\">\n\t\t\t\t\t\t<span class=\"elementor-button-content-wrapper\">\n\t\t\t\t\t\t\t\t\t<span class=\"elementor-button-text\">Kostenlose Erstberatung jetzt buchen!<\/span>\n\t\t\t\t\t<\/span>\n\t\t\t\t\t<\/a>\n\t\t\t\t<\/div>\n\t\t\t\t\t\t\t\t<\/div>\n\t\t\t\t<\/div>\n\t\t\t\t\t<\/div>\n\t\t\t\t<\/div>\n\t\t<div class=\"elementor-element elementor-element-2629993 e-flex e-con-boxed e-con e-parent\" data-id=\"2629993\" data-element_type=\"container\" data-e-type=\"container\">\n\t\t\t\t\t<div class=\"e-con-inner\">\n\t\t\t\t<div class=\"elementor-element elementor-element-796f01a elementor-widget elementor-widget-text-editor\" data-id=\"796f01a\" data-element_type=\"widget\" data-e-type=\"widget\" data-widget_type=\"text-editor.default\">\n\t\t\t\t<div class=\"elementor-widget-container\">\n\t\t\t\t\t\t\t\t\t<h2>Der Verstand sucht nicht die Wahrheit, sondern eine Erkl\u00e4rung<\/h2><p>Innerhalb von Sekunden tauchten Gedanken auf:<\/p><p>\u201eHabe ich einen unpassenden Witz gemacht?\u201c<br \/>\u201eIst sie sauer auf mich?\u201c<br \/>\u201eHabe ich etwas falsch gemacht, ohne es zu merken?\u201c<br \/>\u201eVielleicht habe ich ihren Gru\u00df neulich nicht erwidert?\u201c<br \/>\u201eIst sie wegen etwas beleidigt, das ich gesagt habe?\u201c<\/p><p>Tausende Gedanken.<br \/>Einer nach dem anderen.<br \/>Ohne Pause.<\/p><p>Und das Interessanteste: Keiner davon war ein Fakt.<\/p><p>Es waren nur Interpretationen.<\/p><h2>Wenn Gedanken zu Leid werden<\/h2><p>Was danach geschah, war noch aufschlussreicher.<\/p><p>Ich dachte nicht nur ein paar Minuten dar\u00fcber nach\u2026<br \/>Ich trug diese Gedanken den ganzen Tag mit mir.<\/p><p>Mein innerer Zustand ver\u00e4nderte sich.<\/p><p>Ich f\u00fchlte mich unwohl.<br \/>Unruhig.<br \/>So, als h\u00e4tte ich etwas falsch gemacht.<\/p><p>Doch in Wirklichkeit\u2026<br \/>war nichts Objektives passiert.<\/p><p>Nur Gedanken.<\/p><p>Und diese Gedanken begannen, meine Art im Hier und Jetzt zu sein, zu belasten.<\/p><h2>Die Frage, die alles ver\u00e4ndert<\/h2><p>Anstatt mich zu fragen:<\/p><p>\u201eWas habe ich falsch gemacht?\u201c<\/p><p>lautet die entscheidende Frage:<\/p><p>\u201eWarum denke ich das?\u201c<br \/>\u201eWozu dient mir dieser Gedanke?\u201c<\/p><p>Und genau dort \u00f6ffnet sich die T\u00fcr zu etwas Tieferem.<\/p><h2>Der Ursprung liegt nicht im Caf\u00e9, sondern in meiner Geschichte<\/h2><p>Als ich tiefer geschaut habe, wurde mir etwas bewusst.<\/p><p>Ich erinnerte mich an eine Erfahrung aus meiner Kindheit:<\/p><p>Eines Tages wurde ich in der Schule nicht zu einer Feier eingeladen.<\/p><p>Und in diesem Moment f\u00fchlte ich mich<br \/>ausgeschlossen,<br \/>nicht dazugeh\u00f6rig,<br \/>nicht gesehen.<\/p><p>Diese Erfahrung blieb in mir gespeichert.<\/p><p>Und Jahre sp\u00e4ter\u2026<br \/>hat ein k\u00fchler Blick einer Kellnerin<br \/>genau dieses Gef\u00fchl wieder aktiviert.<\/p><h2>Die Gegenwart aktiviert die Vergangenheit<\/h2><p>Was wir heute erleben, hat oft wenig mit dem Hier und Jetzt zu tun.<\/p><p>Die Gegenwart aktiviert lediglich alte emotionale Erinnerungen.<\/p><p>Wir reagieren nicht auf das, was passiert\u2026<br \/>sondern auf das, was es in uns ausl\u00f6st.<\/p><h2>Sich befreien hei\u00dft nicht, nicht zu denken, sondern zu verstehen<\/h2><p>Der Schl\u00fcssel ist nicht, Gedanken zu bek\u00e4mpfen.<\/p><p>Sondern sie zu beobachten.<\/p><p>Und ihnen Fragen zu stellen:<\/p><p>\u201eWas willst du mir zeigen?\u201c<br \/>\u201eWoher kommst du?\u201c<br \/>\u201eWelchen Teil in mir ber\u00fchrst du?\u201c<\/p><p>Und in dem Moment ver\u00e4ndert sich etwas.<\/p><p>Denn du bist nicht mehr Opfer deiner Gedanken.<br \/>Du wirst zum Beobachter.<\/p><h2>Annehmen, was ist<\/h2><p>Es gibt auch eine einfache, aber kraftvolle Wahrheit:<\/p><p>Wenn sie schlechte Laune hatte \u2192 ist es ihr Prozess.<br \/>Wenn ich ihren Gru\u00df nicht erwidert habe \u2192 ist es menschlich.<br \/>Wenn es ein Missverst\u00e4ndnis war \u2192 geh\u00f6rt es zum Leben.<\/p><p>Die Realit\u00e4t so anzunehmen, wie sie ist\u2026<br \/>ohne zus\u00e4tzliche Geschichten.<\/p><h2>Fazit: Nicht das Ereignis verursacht Leid, sondern die Interpretation<\/h2><p>An diesem Tag ist nichts Dramatisches passiert.<\/p><p>Doch in mir\u2026 ist viel passiert.<\/p><p>Und genau das ist entscheidend.<\/p><p>Jede Situation ist eine Einladung, dich selbst besser kennenzulernen.<\/p><p>Denn am Ende ist die wichtigste Frage nicht:<\/p><p>\u201eWas hat der andere getan?\u201c<\/p><p>Sondern:<\/p><p>\u201eWas wurde in mir ber\u00fchrt\u2026 und warum?\u201c<\/p><p>Wenn du lernst, dort hinzuschauen\u2026<br \/>h\u00f6rst du auf, unter deinen eigenen Geschichten zu leiden\u2026<br \/>und beginnst, in der Wahrheit zu leben.<\/p>\t\t\t\t\t\t\t\t<\/div>\n\t\t\t\t<\/div>\n\t\t\t\t\t<\/div>\n\t\t\t\t<\/div>\n\t\t<div class=\"elementor-element elementor-element-76ec3644 e-flex e-con-boxed e-con e-parent\" data-id=\"76ec3644\" data-element_type=\"container\" data-e-type=\"container\">\n\t\t\t\t\t<div class=\"e-con-inner\">\n\t\t\t\t<div class=\"elementor-element elementor-element-48cde607 elementor-widget elementor-widget-button\" data-id=\"48cde607\" data-element_type=\"widget\" data-e-type=\"widget\" data-widget_type=\"button.default\">\n\t\t\t\t<div class=\"elementor-widget-container\">\n\t\t\t\t\t\t\t\t\t<div class=\"elementor-button-wrapper\">\n\t\t\t\t\t<a class=\"elementor-button elementor-button-link elementor-size-lg\" href=\"https:\/\/www.lebensberatung-deutschland.de\/kontakt\/\">\n\t\t\t\t\t\t<span class=\"elementor-button-content-wrapper\">\n\t\t\t\t\t\t\t\t\t<span class=\"elementor-button-text\">Kostenlose Erstberatung jetzt buchen!<\/span>\n\t\t\t\t\t<\/span>\n\t\t\t\t\t<\/a>\n\t\t\t\t<\/div>\n\t\t\t\t\t\t\t\t<\/div>\n\t\t\t\t<\/div>\n\t\t\t\t\t<\/div>\n\t\t\t\t<\/div>\n\t\t<div class=\"elementor-element elementor-element-31cff472 e-flex e-con-boxed e-con e-parent\" data-id=\"31cff472\" data-element_type=\"container\" data-e-type=\"container\">\n\t\t\t\t\t<div class=\"e-con-inner\">\n\t\t\t\t<div class=\"elementor-element elementor-element-26d47ee5 elementor-widget elementor-widget-text-editor\" data-id=\"26d47ee5\" data-element_type=\"widget\" data-e-type=\"widget\" data-widget_type=\"text-editor.default\">\n\t\t\t\t<div class=\"elementor-widget-container\">\n\t\t\t\t\t\t\t\t\t<h2 data-path-to-node=\"8,0\">Erfahren Sie mehr \u00fcber meine Ans\u00e4tze:<\/h2><ul data-path-to-node=\"8,1\"><li><p data-path-to-node=\"8,1,0,0\"><b data-path-to-node=\"8,1,0,0\" data-index-in-node=\"0\"><a href=\"https:\/\/www.therapie-online-und-vor-ort.de\/mallorca\/paartherapie-auf-mallorca-wege-aus-affaere-streit-und-distanz\/\">Paartherapie auf Mallorca<\/a>:<\/b> Wege zu neuer N\u00e4he und Verbindung<\/p><\/li><li><p data-path-to-node=\"8,1,1,0\"><b data-path-to-node=\"8,1,1,0\" data-index-in-node=\"0\"><a href=\"https:\/\/www.therapie-online-und-vor-ort.de\/schamanismus-muenchen-online-martin-polo-dipl-soz-paed\/\">Schamanische Heilwege<\/a>:<\/b> Energetische Blockaden nachhaltig l\u00f6sen<\/p><\/li><li><p data-path-to-node=\"8,1,2,0\"><b data-path-to-node=\"8,1,2,0\" data-index-in-node=\"0\"><a href=\"https:\/\/www.therapie-online-und-vor-ort.de\/muenchen\/inneres-kind-heilen-therapie-in-muenchen-oder-online\/\">Inneres Kind<\/a>:<\/b> Wie Sie alte Verletzungen heute heilen<\/p><\/li><\/ul>\t\t\t\t\t\t\t\t<\/div>\n\t\t\t\t<\/div>\n\t\t\t\t\t<\/div>\n\t\t\t\t<\/div>\n\t\t\t\t<\/div>\n\t\t","protected":false},"excerpt":{"rendered":"<p>Es gibt Situationen im Leben, die wirken klein&#8230; fast unbedeutend. Und doch k\u00f6nnen sie in uns einen Sturm ausl\u00f6sen. Ich m\u00f6chte dir etwas erz\u00e4hlen, das ich erlebt habe. Ich gehe regelm\u00e4\u00dfig in ein Caf\u00e9, in dem eine Kellnerin arbeitet, die mich immer sehr freundlich behandelt. Es ist eine leichte, angenehme, allt\u00e4gliche Verbindung. Nichts Besonderes&#8230; und [&hellip;]<\/p>\n","protected":false},"author":4,"featured_media":6369,"comment_status":"closed","ping_status":"closed","sticky":false,"template":"","format":"standard","meta":{"footnotes":""},"categories":[1],"tags":[],"class_list":["post-6368","post","type-post","status-publish","format-standard","has-post-thumbnail","hentry","category-unkategorisiert"],"acf":[],"yoast_head":"<!-- This site is optimized with the Yoast SEO plugin v27.1.1 - https:\/\/yoast.com\/product\/yoast-seo-wordpress\/ -->\n<title>Wenn der Verstand Geschichten erfindet \u2013 Gedanken loslassen<\/title>\n<meta name=\"description\" content=\"Warum dein Verstand Geschichten erfindet und wie du negative Gedanken hinterfragst, um mehr Ruhe, Klarheit und inneren Frieden zu finden.\" \/>\n<meta name=\"robots\" content=\"index, follow, max-snippet:-1, max-image-preview:large, max-video-preview:-1\" \/>\n<link rel=\"canonical\" href=\"https:\/\/www.therapie-online-und-vor-ort.de\/muenchen\/wenn-der-verstand-geschichten-erfindet\/\" \/>\n<meta property=\"og:locale\" content=\"de_DE\" \/>\n<meta property=\"og:type\" content=\"article\" \/>\n<meta property=\"og:title\" content=\"Wenn der Verstand Geschichten erfindet \u2013 Gedanken loslassen\" \/>\n<meta property=\"og:description\" content=\"Warum dein Verstand Geschichten erfindet und wie du negative Gedanken hinterfragst, um mehr Ruhe, Klarheit und inneren Frieden zu finden.\" \/>\n<meta property=\"og:url\" content=\"https:\/\/www.therapie-online-und-vor-ort.de\/muenchen\/wenn-der-verstand-geschichten-erfindet\/\" \/>\n<meta property=\"og:site_name\" content=\"Therapie Online und vor Ort - M\u00fcnchen\" \/>\n<meta property=\"article:published_time\" content=\"2026-04-01T04:42:09+00:00\" \/>\n<meta property=\"article:modified_time\" content=\"2026-04-01T04:48:39+00:00\" \/>\n<meta property=\"og:image\" content=\"https:\/\/www.therapie-online-und-vor-ort.de\/muenchen\/wp-content\/uploads\/2026\/04\/Wenn-der-Verstand-Geschichten-erfindet-\u2013-Gedanken-loslassen.webp\" \/>\n\t<meta property=\"og:image:width\" content=\"1200\" \/>\n\t<meta property=\"og:image:height\" content=\"1600\" \/>\n\t<meta property=\"og:image:type\" content=\"image\/webp\" \/>\n<meta name=\"author\" content=\"Martin Polo\" \/>\n<meta name=\"twitter:card\" content=\"summary_large_image\" \/>\n<meta name=\"twitter:label1\" content=\"Verfasst von\" \/>\n\t<meta name=\"twitter:data1\" content=\"Martin Polo\" \/>\n\t<meta name=\"twitter:label2\" content=\"Gesch\u00e4tzte Lesezeit\" \/>\n\t<meta name=\"twitter:data2\" content=\"4\u00a0Minuten\" \/>\n<script type=\"application\/ld+json\" class=\"yoast-schema-graph\">{\"@context\":\"https:\/\/schema.org\",\"@graph\":[{\"@type\":\"Article\",\"@id\":\"https:\/\/www.therapie-online-und-vor-ort.de\/muenchen\/wenn-der-verstand-geschichten-erfindet\/#article\",\"isPartOf\":{\"@id\":\"https:\/\/www.therapie-online-und-vor-ort.de\/muenchen\/wenn-der-verstand-geschichten-erfindet\/\"},\"author\":{\"name\":\"Martin Polo\",\"@id\":\"https:\/\/www.therapie-online-und-vor-ort.de\/muenchen\/#\/schema\/person\/d2e086d585a99adb9557f2715525b51e\"},\"headline\":\"Wenn der Verstand Geschichten erfindet: Was eine Kellnerin in mir ausgel\u00f6st hat\",\"datePublished\":\"2026-04-01T04:42:09+00:00\",\"dateModified\":\"2026-04-01T04:48:39+00:00\",\"mainEntityOfPage\":{\"@id\":\"https:\/\/www.therapie-online-und-vor-ort.de\/muenchen\/wenn-der-verstand-geschichten-erfindet\/\"},\"wordCount\":657,\"image\":{\"@id\":\"https:\/\/www.therapie-online-und-vor-ort.de\/muenchen\/wenn-der-verstand-geschichten-erfindet\/#primaryimage\"},\"thumbnailUrl\":\"https:\/\/www.therapie-online-und-vor-ort.de\/muenchen\/wp-content\/uploads\/2026\/04\/Wenn-der-Verstand-Geschichten-erfindet-\u2013-Gedanken-loslassen.webp\",\"articleSection\":[\"Unkategorisiert\"],\"inLanguage\":\"de\"},{\"@type\":\"WebPage\",\"@id\":\"https:\/\/www.therapie-online-und-vor-ort.de\/muenchen\/wenn-der-verstand-geschichten-erfindet\/\",\"url\":\"https:\/\/www.therapie-online-und-vor-ort.de\/muenchen\/wenn-der-verstand-geschichten-erfindet\/\",\"name\":\"Wenn der Verstand Geschichten erfindet \u2013 Gedanken loslassen\",\"isPartOf\":{\"@id\":\"https:\/\/www.therapie-online-und-vor-ort.de\/muenchen\/#website\"},\"primaryImageOfPage\":{\"@id\":\"https:\/\/www.therapie-online-und-vor-ort.de\/muenchen\/wenn-der-verstand-geschichten-erfindet\/#primaryimage\"},\"image\":{\"@id\":\"https:\/\/www.therapie-online-und-vor-ort.de\/muenchen\/wenn-der-verstand-geschichten-erfindet\/#primaryimage\"},\"thumbnailUrl\":\"https:\/\/www.therapie-online-und-vor-ort.de\/muenchen\/wp-content\/uploads\/2026\/04\/Wenn-der-Verstand-Geschichten-erfindet-\u2013-Gedanken-loslassen.webp\",\"datePublished\":\"2026-04-01T04:42:09+00:00\",\"dateModified\":\"2026-04-01T04:48:39+00:00\",\"author\":{\"@id\":\"https:\/\/www.therapie-online-und-vor-ort.de\/muenchen\/#\/schema\/person\/d2e086d585a99adb9557f2715525b51e\"},\"description\":\"Warum dein Verstand Geschichten erfindet und wie du negative Gedanken hinterfragst, um mehr Ruhe, Klarheit und inneren Frieden zu finden.\",\"inLanguage\":\"de\",\"potentialAction\":[{\"@type\":\"ReadAction\",\"target\":[\"https:\/\/www.therapie-online-und-vor-ort.de\/muenchen\/wenn-der-verstand-geschichten-erfindet\/\"]}]},{\"@type\":\"ImageObject\",\"inLanguage\":\"de\",\"@id\":\"https:\/\/www.therapie-online-und-vor-ort.de\/muenchen\/wenn-der-verstand-geschichten-erfindet\/#primaryimage\",\"url\":\"https:\/\/www.therapie-online-und-vor-ort.de\/muenchen\/wp-content\/uploads\/2026\/04\/Wenn-der-Verstand-Geschichten-erfindet-\u2013-Gedanken-loslassen.webp\",\"contentUrl\":\"https:\/\/www.therapie-online-und-vor-ort.de\/muenchen\/wp-content\/uploads\/2026\/04\/Wenn-der-Verstand-Geschichten-erfindet-\u2013-Gedanken-loslassen.webp\",\"width\":1200,\"height\":1600,\"caption\":\"Wenn der Verstand Geschichten erfindet \u2013 Gedanken loslassen\"},{\"@type\":\"WebSite\",\"@id\":\"https:\/\/www.therapie-online-und-vor-ort.de\/muenchen\/#website\",\"url\":\"https:\/\/www.therapie-online-und-vor-ort.de\/muenchen\/\",\"name\":\"Therapie Online und vor Ort - M\u00fcnchen\",\"description\":\"\",\"potentialAction\":[{\"@type\":\"SearchAction\",\"target\":{\"@type\":\"EntryPoint\",\"urlTemplate\":\"https:\/\/www.therapie-online-und-vor-ort.de\/muenchen\/?s={search_term_string}\"},\"query-input\":{\"@type\":\"PropertyValueSpecification\",\"valueRequired\":true,\"valueName\":\"search_term_string\"}}],\"inLanguage\":\"de\"},{\"@type\":\"Person\",\"@id\":\"https:\/\/www.therapie-online-und-vor-ort.de\/muenchen\/#\/schema\/person\/d2e086d585a99adb9557f2715525b51e\",\"name\":\"Martin Polo\",\"image\":{\"@type\":\"ImageObject\",\"inLanguage\":\"de\",\"@id\":\"https:\/\/www.therapie-online-und-vor-ort.de\/muenchen\/#\/schema\/person\/image\/\",\"url\":\"https:\/\/secure.gravatar.com\/avatar\/2cbe6176b6be8b122284c50d9e7a11af9502529eae284fd73534defd313e4152?s=96&d=mm&r=g\",\"contentUrl\":\"https:\/\/secure.gravatar.com\/avatar\/2cbe6176b6be8b122284c50d9e7a11af9502529eae284fd73534defd313e4152?s=96&d=mm&r=g\",\"caption\":\"Martin Polo\"},\"url\":\"https:\/\/www.therapie-online-und-vor-ort.de\/muenchen\/author\/martinpolo\/\"}]}<\/script>\n<!-- \/ Yoast SEO plugin. -->","yoast_head_json":{"title":"Wenn der Verstand Geschichten erfindet \u2013 Gedanken loslassen","description":"Warum dein Verstand Geschichten erfindet und wie du negative Gedanken hinterfragst, um mehr Ruhe, Klarheit und inneren Frieden zu finden.","robots":{"index":"index","follow":"follow","max-snippet":"max-snippet:-1","max-image-preview":"max-image-preview:large","max-video-preview":"max-video-preview:-1"},"canonical":"https:\/\/www.therapie-online-und-vor-ort.de\/muenchen\/wenn-der-verstand-geschichten-erfindet\/","og_locale":"de_DE","og_type":"article","og_title":"Wenn der Verstand Geschichten erfindet \u2013 Gedanken loslassen","og_description":"Warum dein Verstand Geschichten erfindet und wie du negative Gedanken hinterfragst, um mehr Ruhe, Klarheit und inneren Frieden zu finden.","og_url":"https:\/\/www.therapie-online-und-vor-ort.de\/muenchen\/wenn-der-verstand-geschichten-erfindet\/","og_site_name":"Therapie Online und vor Ort - M\u00fcnchen","article_published_time":"2026-04-01T04:42:09+00:00","article_modified_time":"2026-04-01T04:48:39+00:00","og_image":[{"width":1200,"height":1600,"url":"https:\/\/www.therapie-online-und-vor-ort.de\/muenchen\/wp-content\/uploads\/2026\/04\/Wenn-der-Verstand-Geschichten-erfindet-\u2013-Gedanken-loslassen.webp","type":"image\/webp"}],"author":"Martin Polo","twitter_card":"summary_large_image","twitter_misc":{"Verfasst von":"Martin Polo","Gesch\u00e4tzte Lesezeit":"4\u00a0Minuten"},"schema":{"@context":"https:\/\/schema.org","@graph":[{"@type":"Article","@id":"https:\/\/www.therapie-online-und-vor-ort.de\/muenchen\/wenn-der-verstand-geschichten-erfindet\/#article","isPartOf":{"@id":"https:\/\/www.therapie-online-und-vor-ort.de\/muenchen\/wenn-der-verstand-geschichten-erfindet\/"},"author":{"name":"Martin Polo","@id":"https:\/\/www.therapie-online-und-vor-ort.de\/muenchen\/#\/schema\/person\/d2e086d585a99adb9557f2715525b51e"},"headline":"Wenn der Verstand Geschichten erfindet: Was eine Kellnerin in mir ausgel\u00f6st hat","datePublished":"2026-04-01T04:42:09+00:00","dateModified":"2026-04-01T04:48:39+00:00","mainEntityOfPage":{"@id":"https:\/\/www.therapie-online-und-vor-ort.de\/muenchen\/wenn-der-verstand-geschichten-erfindet\/"},"wordCount":657,"image":{"@id":"https:\/\/www.therapie-online-und-vor-ort.de\/muenchen\/wenn-der-verstand-geschichten-erfindet\/#primaryimage"},"thumbnailUrl":"https:\/\/www.therapie-online-und-vor-ort.de\/muenchen\/wp-content\/uploads\/2026\/04\/Wenn-der-Verstand-Geschichten-erfindet-\u2013-Gedanken-loslassen.webp","articleSection":["Unkategorisiert"],"inLanguage":"de"},{"@type":"WebPage","@id":"https:\/\/www.therapie-online-und-vor-ort.de\/muenchen\/wenn-der-verstand-geschichten-erfindet\/","url":"https:\/\/www.therapie-online-und-vor-ort.de\/muenchen\/wenn-der-verstand-geschichten-erfindet\/","name":"Wenn der Verstand Geschichten erfindet \u2013 Gedanken loslassen","isPartOf":{"@id":"https:\/\/www.therapie-online-und-vor-ort.de\/muenchen\/#website"},"primaryImageOfPage":{"@id":"https:\/\/www.therapie-online-und-vor-ort.de\/muenchen\/wenn-der-verstand-geschichten-erfindet\/#primaryimage"},"image":{"@id":"https:\/\/www.therapie-online-und-vor-ort.de\/muenchen\/wenn-der-verstand-geschichten-erfindet\/#primaryimage"},"thumbnailUrl":"https:\/\/www.therapie-online-und-vor-ort.de\/muenchen\/wp-content\/uploads\/2026\/04\/Wenn-der-Verstand-Geschichten-erfindet-\u2013-Gedanken-loslassen.webp","datePublished":"2026-04-01T04:42:09+00:00","dateModified":"2026-04-01T04:48:39+00:00","author":{"@id":"https:\/\/www.therapie-online-und-vor-ort.de\/muenchen\/#\/schema\/person\/d2e086d585a99adb9557f2715525b51e"},"description":"Warum dein Verstand Geschichten erfindet und wie du negative Gedanken hinterfragst, um mehr Ruhe, Klarheit und inneren Frieden zu finden.","inLanguage":"de","potentialAction":[{"@type":"ReadAction","target":["https:\/\/www.therapie-online-und-vor-ort.de\/muenchen\/wenn-der-verstand-geschichten-erfindet\/"]}]},{"@type":"ImageObject","inLanguage":"de","@id":"https:\/\/www.therapie-online-und-vor-ort.de\/muenchen\/wenn-der-verstand-geschichten-erfindet\/#primaryimage","url":"https:\/\/www.therapie-online-und-vor-ort.de\/muenchen\/wp-content\/uploads\/2026\/04\/Wenn-der-Verstand-Geschichten-erfindet-\u2013-Gedanken-loslassen.webp","contentUrl":"https:\/\/www.therapie-online-und-vor-ort.de\/muenchen\/wp-content\/uploads\/2026\/04\/Wenn-der-Verstand-Geschichten-erfindet-\u2013-Gedanken-loslassen.webp","width":1200,"height":1600,"caption":"Wenn der Verstand Geschichten erfindet \u2013 Gedanken loslassen"},{"@type":"WebSite","@id":"https:\/\/www.therapie-online-und-vor-ort.de\/muenchen\/#website","url":"https:\/\/www.therapie-online-und-vor-ort.de\/muenchen\/","name":"Therapie Online und vor Ort - M\u00fcnchen","description":"","potentialAction":[{"@type":"SearchAction","target":{"@type":"EntryPoint","urlTemplate":"https:\/\/www.therapie-online-und-vor-ort.de\/muenchen\/?s={search_term_string}"},"query-input":{"@type":"PropertyValueSpecification","valueRequired":true,"valueName":"search_term_string"}}],"inLanguage":"de"},{"@type":"Person","@id":"https:\/\/www.therapie-online-und-vor-ort.de\/muenchen\/#\/schema\/person\/d2e086d585a99adb9557f2715525b51e","name":"Martin Polo","image":{"@type":"ImageObject","inLanguage":"de","@id":"https:\/\/www.therapie-online-und-vor-ort.de\/muenchen\/#\/schema\/person\/image\/","url":"https:\/\/secure.gravatar.com\/avatar\/2cbe6176b6be8b122284c50d9e7a11af9502529eae284fd73534defd313e4152?s=96&d=mm&r=g","contentUrl":"https:\/\/secure.gravatar.com\/avatar\/2cbe6176b6be8b122284c50d9e7a11af9502529eae284fd73534defd313e4152?s=96&d=mm&r=g","caption":"Martin Polo"},"url":"https:\/\/www.therapie-online-und-vor-ort.de\/muenchen\/author\/martinpolo\/"}]}},"_links":{"self":[{"href":"https:\/\/www.therapie-online-und-vor-ort.de\/muenchen\/wp-json\/wp\/v2\/posts\/6368","targetHints":{"allow":["GET"]}}],"collection":[{"href":"https:\/\/www.therapie-online-und-vor-ort.de\/muenchen\/wp-json\/wp\/v2\/posts"}],"about":[{"href":"https:\/\/www.therapie-online-und-vor-ort.de\/muenchen\/wp-json\/wp\/v2\/types\/post"}],"author":[{"embeddable":true,"href":"https:\/\/www.therapie-online-und-vor-ort.de\/muenchen\/wp-json\/wp\/v2\/users\/4"}],"replies":[{"embeddable":true,"href":"https:\/\/www.therapie-online-und-vor-ort.de\/muenchen\/wp-json\/wp\/v2\/comments?post=6368"}],"version-history":[{"count":4,"href":"https:\/\/www.therapie-online-und-vor-ort.de\/muenchen\/wp-json\/wp\/v2\/posts\/6368\/revisions"}],"predecessor-version":[{"id":6375,"href":"https:\/\/www.therapie-online-und-vor-ort.de\/muenchen\/wp-json\/wp\/v2\/posts\/6368\/revisions\/6375"}],"wp:featuredmedia":[{"embeddable":true,"href":"https:\/\/www.therapie-online-und-vor-ort.de\/muenchen\/wp-json\/wp\/v2\/media\/6369"}],"wp:attachment":[{"href":"https:\/\/www.therapie-online-und-vor-ort.de\/muenchen\/wp-json\/wp\/v2\/media?parent=6368"}],"wp:term":[{"taxonomy":"category","embeddable":true,"href":"https:\/\/www.therapie-online-und-vor-ort.de\/muenchen\/wp-json\/wp\/v2\/categories?post=6368"},{"taxonomy":"post_tag","embeddable":true,"href":"https:\/\/www.therapie-online-und-vor-ort.de\/muenchen\/wp-json\/wp\/v2\/tags?post=6368"}],"curies":[{"name":"wp","href":"https:\/\/api.w.org\/{rel}","templated":true}]}}